{"id":9476,"date":"2023-05-24T12:59:05","date_gmt":"2023-05-24T12:59:05","guid":{"rendered":"https:\/\/exposec.tmp.br\/16\/en\/?p=9476"},"modified":"2023-07-14T17:09:07","modified_gmt":"2023-07-14T17:09:07","slug":"solucoes-em-seguranca-do-patrimonio-e-de-pessoas-serao-destaques-na-exposec","status":"publish","type":"post","link":"https:\/\/exposec.tmp.br\/16\/en\/solucoes-em-seguranca-do-patrimonio-e-de-pessoas-serao-destaques-na-exposec\/","title":{"rendered":"Solu\u00e7\u00f5es em seguran\u00e7a do patrim\u00f4nio e de pessoas ser\u00e3o destaques na Exposec"},"content":{"rendered":"<div class=\"content-wrapper\">\n<section class=\"content\">\n<div class=\"row\">\n<div class=\"col-md-12\">\n<section class=\"lienzo\">\n<div id=\"txtnoticia\" class=\"row wow fadeInDown animated\">\n<div class=\"col-md-12 centro\">\n<h3>Feira Internacional de Seguran\u00e7a, que acontece em junho<\/h3>\n<h4>Principal evento do setor da Am\u00e9rica Latina reunir\u00e1 empresas que investem em sistemas avan\u00e7ados para controle de acesso de pessoas e de mercadorias, al\u00e9m de portaria remota<\/h4>\n<p>A seguran\u00e7a do patrim\u00f4nio \u00e9 sem d\u00favida um ponto bastante sens\u00edvel para empresas, lojas e condom\u00ednios residenciais, comerciais ou industriais. Trata-se de uma quest\u00e3o que tem rela\u00e7\u00e3o direta com dois conceitos bastante difundidos como recursos para aprimorar a prote\u00e7\u00e3o de bens e de pessoas: o controle de acesso e a portaria remota.<\/p>\n<p>S\u00e3o duas divis\u00f5es importantes do mercado de seguran\u00e7a eletr\u00f4nica\u00a0que ter\u00e3o destaque na 24\u00aa edi\u00e7\u00e3o da Exposec &#8211; Feira Internacional de Seguran\u00e7a, um dos maiores eventos do setor da Am\u00e9rica Latina.<\/p>\n<p>A Exposec abre suas portas entre os dias 13 e 15 de junho em S\u00e3o Paulo e apresentar\u00e1 inova\u00e7\u00f5es de produtos e servi\u00e7os nos segmentos de seguran\u00e7a eletr\u00f4nica privada, pessoal, p\u00fablica, patrimonial e empresarial.<\/p>\n<p>De acordo com o Anu\u00e1rio Brasileiro de Seguran\u00e7a P\u00fablica de 2022, o Brasil registrou aumento de 6,5% nos roubos a estabelecimentos comerciais, assim como o crescimento de 11% em assaltos a institui\u00e7\u00f5es financeiras. Diante desta realidade, mais empresas t\u00eam investido em sistemas de seguran\u00e7a eletr\u00f4nica.<\/p>\n<p>\u00c9 justamente em decorr\u00eancia desse quadro que os dados apresentados recentemente pela ABESE \u2013 Associa\u00e7\u00e3o Brasileira das Empresas de Sistemas Eletr\u00f4nicos de Seguran\u00e7a indicam crescimento de 18% do setor de seguran\u00e7a eletr\u00f4nica no \u00faltimo ano, com expectativa de crescer 19% em 2023. O faturamento em 2022 chegou \u00e0 casa dos R$ 11 bilh\u00f5es em 2022, ainda segundo a ABESE, que \u00e9 a realizadora da Exposec, com organiza\u00e7\u00e3o da Fiera Milano Brasil.<\/p>\n<p>E os segmentos de controle de acesso e portaria remota tamb\u00e9m mostram crescimento, segundo estudo da ABESE.<\/p>\n<p>\u201cNos \u00faltimos anos houve uma populariza\u00e7\u00e3o dos sistemas eletr\u00f4nicos de seguran\u00e7a, muito impactada pelo avan\u00e7o tecnol\u00f3gico que tornou a instala\u00e7\u00e3o mais f\u00e1cil e os resultados mais efetivos e r\u00e1pidos. H\u00e1 uma demanda crescente por solu\u00e7\u00f5es que possam atuar de maneira proativa para evitar alguns eventos, como as baseadas em Intelig\u00eancia Artificial, por exemplo. Vislumbramos uma demanda reprimida que exigir\u00e1 ainda mais contrata\u00e7\u00f5es para o setor\u201d, afirma Selma Migliori, presidente da Abese.<\/p>\n<p>&nbsp;<\/p>\n<\/div>\n<h3><strong>Produtos inovadores<\/strong><\/h3>\n<p>Pela primeira vez na Exposec, a Atlas Sistemas Antifurto leva como destaques as antenas da linha AM e RF e o antifurto mec\u00e2nico para smartphones AS320. De acordo com a empresa, o antifurto mec\u00e2nico para smartphones foi desenvolvido para atender \u00e0 crescente demanda de redes de lojas situadas em \u00e1reas urbanas com altos \u00edndices de viol\u00eancia.<\/p>\n<p>No caso das antenas, a Atlas informa que s\u00e3o eficazes ao oferecerem prote\u00e7\u00e3o abrangente aos itens de varejo. Equipadas com alarmes sonoros e visuais integrados, elas s\u00e3o projetadas para proteger todos os tipos de produtos, desde caixas grandes e garrafas at\u00e9 roupas delicadas e produtos refrigerados.<\/p>\n<p>\u201cAcreditamos que esta feira ser\u00e1 uma oportunidade para nos conectarmos com clientes potenciais e compartilhar nossa experi\u00eancia. Queremos mostrar a import\u00e2ncia da preven\u00e7\u00e3o de perdas no varejo, bem como apresentar nossos servi\u00e7os e solu\u00e7\u00f5es personalizadas para atender \u00e0s necessidades de cada cliente\u201d, afirma Diego Bernardinis Machado, diretor Financeiro da Atlas.<\/p>\n<p>Por se tratar de recursos de prote\u00e7\u00e3o que n\u00e3o podem falhar e ainda estar em funcionamento 24 h, a TS Shara &#8211; fabricante nacional de nobreaks e estabilizadores de tens\u00e3o, ir\u00e1 expor a sua linha de nobreaks UPS Gate Universal para uso em port\u00f5es, cancelas e controles de acesso. Al\u00e9m disso, tamb\u00e9m apresentar\u00e1 uma linha ampla de nobreaks capazes de atender o uso de Circuitos de c\u00e2meras CFTV, DVR e alarmes.<\/p>\n<p>A TS Shara tem f\u00e1brica em S\u00e3o Paulo e informa que conta com 250 unidades de assist\u00eancia t\u00e9cnica em todo o pa\u00eds, al\u00e9m de revendedores e distribuidores que juntos totalizam mais de 380 canais, al\u00e9m de exportar para mais de 15 pa\u00edses.<\/p>\n<p>&nbsp;<\/p>\n<\/div>\n<\/section>\n<p><strong>Servi\u00e7o<\/strong><\/p>\n<p>Exposec 2023<\/p>\n<p>Data: 13 a 15 de junho<br \/>\nHor\u00e1rio: das 13h \u00e0s 20h<br \/>\nLocal: S\u00e3o Paulo Expo<br \/>\nEndere\u00e7o: Rod. dos Imigrantes, km 1,5 \u2013 Vila \u00c1gua Funda, s\u00e3o Paulo \u2013 SP<\/p>\n<p>Credenciamento: pelo site <a href=\"https:\/\/easyeventos.com.br\/v3\/exposec\/23\/vis\">https:\/\/easyeventos.com.br\/v3\/exposec\/23\/vis<\/a><\/p>\n<\/div>\n<p>&nbsp;<\/p>\n<p>&nbsp;<\/p>\n<pre>Fontes:\r\nhttps:\/\/gazetadasemana.com.br\r\nhttps:\/\/jornaldobelem.com.br\r\nhttps:\/\/teclandoweb.com.br\r\nhttps:\/\/manezinhonews.com.br\r\nhttps:\/\/patisegnoticias.com.br<\/pre>\n<\/div>\n<\/section>\n<\/div>\n","protected":false},"excerpt":{"rendered":"<p>Feira Internacional de Seguran\u00e7a, que acontece em junho Principal evento do setor da Am\u00e9rica Latina reunir\u00e1 empresas que investem em [&hellip;]<\/p>\n","protected":false},"author":3,"featured_media":9477,"comment_status":"closed","ping_status":"open","sticky":false,"template":"","format":"standard","meta":{"_exactmetrics_skip_tracking":false,"_exactmetrics_sitenote_active":false,"_exactmetrics_sitenote_note":"","_exactmetrics_sitenote_category":0},"categories":[48,7],"tags":[],"_links":{"self":[{"href":"https:\/\/exposec.tmp.br\/16\/en\/wp-json\/wp\/v2\/posts\/9476"}],"collection":[{"href":"https:\/\/exposec.tmp.br\/16\/en\/wp-json\/wp\/v2\/posts"}],"about":[{"href":"https:\/\/exposec.tmp.br\/16\/en\/wp-json\/wp\/v2\/types\/post"}],"author":[{"embeddable":true,"href":"https:\/\/exposec.tmp.br\/16\/en\/wp-json\/wp\/v2\/users\/3"}],"replies":[{"embeddable":true,"href":"https:\/\/exposec.tmp.br\/16\/en\/wp-json\/wp\/v2\/comments?post=9476"}],"version-history":[{"count":13,"href":"https:\/\/exposec.tmp.br\/16\/en\/wp-json\/wp\/v2\/posts\/9476\/revisions"}],"predecessor-version":[{"id":9493,"href":"https:\/\/exposec.tmp.br\/16\/en\/wp-json\/wp\/v2\/posts\/9476\/revisions\/9493"}],"wp:featuredmedia":[{"embeddable":true,"href":"https:\/\/exposec.tmp.br\/16\/en\/wp-json\/wp\/v2\/media\/9477"}],"wp:attachment":[{"href":"https:\/\/exposec.tmp.br\/16\/en\/wp-json\/wp\/v2\/media?parent=9476"}],"wp:term":[{"taxonomy":"category","embeddable":true,"href":"https:\/\/exposec.tmp.br\/16\/en\/wp-json\/wp\/v2\/categories?post=9476"},{"taxonomy":"post_tag","embeddable":true,"href":"https:\/\/exposec.tmp.br\/16\/en\/wp-json\/wp\/v2\/tags?post=9476"}],"curies":[{"name":"wp","href":"https:\/\/api.w.org\/{rel}","templated":true}]}}